{"id":1047,"date":"2025-04-30T17:32:41","date_gmt":"2025-04-30T15:32:41","guid":{"rendered":"http:\/\/www.radiocentroweb.it\/index.php\/2025\/04\/30\/primo-maggio-ordine-difesa-medici-e-difesa-diritto-salute-ansa\/"},"modified":"2025-04-30T17:32:41","modified_gmt":"2025-04-30T15:32:41","slug":"primo-maggio-ordine-difesa-medici-e-difesa-diritto-salute-ansa","status":"publish","type":"post","link":"http:\/\/www.radiocentroweb.it\/index.php\/2025\/04\/30\/primo-maggio-ordine-difesa-medici-e-difesa-diritto-salute-ansa\/","title":{"rendered":"Primo Maggio, Ordine &#8216;difesa medici \u00e8 difesa diritto salute&#8217; Ansa"},"content":{"rendered":"<p>Dattolo: &#8216;Sanit\u00e0 \u00e8 un servizio pubblico irrinunciabile&#8217;<br \/>\n\u200b<a href=\"https:\/\/www.ansa.it\/toscana\/notizie\/sanita_regionale\/2025\/04\/30\/primo-maggio-ordine-difesa-medici-e-difesa-diritto-salute_e47d086b-4e52-441e-aabd-e069212d4d63.html\" target=\"_blank\" class=\"feedzy-rss-link-icon\">Read More<\/a><br \/>\nRSS di Regione Toscana  &#8211; ANSA.it<\/p>","protected":false},"excerpt":{"rendered":"<p>Dattolo: &#8216;Sanit\u00e0 \u00e8 un servizio pubblico irrinunciabile&#8217; \u200bRead More RSS di Regione Toscana &#8211; ANSA.it<\/p>\n","protected":false},"author":1,"featured_media":0,"comment_status":"open","ping_status":"open","sticky":false,"template":"","format":"standard","meta":{"footnotes":""},"categories":[23],"tags":[],"class_list":["post-1047","post","type-post","status-publish","format-standard","hentry","category-newsansatoscana"],"_links":{"self":[{"href":"http:\/\/www.radiocentroweb.it\/index.php\/wp-json\/wp\/v2\/posts\/1047","targetHints":{"allow":["GET"]}}],"collection":[{"href":"http:\/\/www.radiocentroweb.it\/index.php\/wp-json\/wp\/v2\/posts"}],"about":[{"href":"http:\/\/www.radiocentroweb.it\/index.php\/wp-json\/wp\/v2\/types\/post"}],"author":[{"embeddable":true,"href":"http:\/\/www.radiocentroweb.it\/index.php\/wp-json\/wp\/v2\/users\/1"}],"replies":[{"embeddable":true,"href":"http:\/\/www.radiocentroweb.it\/index.php\/wp-json\/wp\/v2\/comments?post=1047"}],"version-history":[{"count":0,"href":"http:\/\/www.radiocentroweb.it\/index.php\/wp-json\/wp\/v2\/posts\/1047\/revisions"}],"wp:attachment":[{"href":"http:\/\/www.radiocentroweb.it\/index.php\/wp-json\/wp\/v2\/media?parent=1047"}],"wp:term":[{"taxonomy":"category","embeddable":true,"href":"http:\/\/www.radiocentroweb.it\/index.php\/wp-json\/wp\/v2\/categories?post=1047"},{"taxonomy":"post_tag","embeddable":true,"href":"http:\/\/www.radiocentroweb.it\/index.php\/wp-json\/wp\/v2\/tags?post=1047"}],"curies":[{"name":"wp","href":"https:\/\/api.w.org\/{rel}","templated":true}]}}