{"id":2496,"date":"2025-09-02T13:32:40","date_gmt":"2025-09-02T11:32:40","guid":{"rendered":"http:\/\/www.radiocentroweb.it\/index.php\/2025\/09\/02\/rapina-falli-per-reazione-commerciantearrestato-presunto-autore-ansa\/"},"modified":"2025-09-02T13:32:40","modified_gmt":"2025-09-02T11:32:40","slug":"rapina-falli-per-reazione-commerciantearrestato-presunto-autore-ansa","status":"publish","type":"post","link":"http:\/\/www.radiocentroweb.it\/index.php\/2025\/09\/02\/rapina-falli-per-reazione-commerciantearrestato-presunto-autore-ansa\/","title":{"rendered":"Rapina fall\u00ec per reazione commerciante,arrestato presunto autore Ansa"},"content":{"rendered":"<p>Fermato a Firenze. Vittima colp\u00ec pi\u00f9 volte malvivente<br \/>\n\u200b<a href=\"https:\/\/www.ansa.it\/toscana\/notizie\/2025\/09\/02\/rapina-falli-per-reazione-commerciantearrestato-presunto-autore_480a0063-ba74-46d1-9379-5b5f4ea12b69.html\" target=\"_blank\" class=\"feedzy-rss-link-icon\">Read More<\/a><br \/>\nRSS di Regione Toscana  &#8211; ANSA.it<\/p>","protected":false},"excerpt":{"rendered":"<p>Fermato a Firenze. Vittima colp\u00ec pi\u00f9 volte malvivente \u200bRead More RSS di Regione Toscana &#8211; ANSA.it<\/p>\n","protected":false},"author":1,"featured_media":0,"comment_status":"open","ping_status":"open","sticky":false,"template":"","format":"standard","meta":{"footnotes":""},"categories":[23],"tags":[],"class_list":["post-2496","post","type-post","status-publish","format-standard","hentry","category-newsansatoscana"],"_links":{"self":[{"href":"http:\/\/www.radiocentroweb.it\/index.php\/wp-json\/wp\/v2\/posts\/2496","targetHints":{"allow":["GET"]}}],"collection":[{"href":"http:\/\/www.radiocentroweb.it\/index.php\/wp-json\/wp\/v2\/posts"}],"about":[{"href":"http:\/\/www.radiocentroweb.it\/index.php\/wp-json\/wp\/v2\/types\/post"}],"author":[{"embeddable":true,"href":"http:\/\/www.radiocentroweb.it\/index.php\/wp-json\/wp\/v2\/users\/1"}],"replies":[{"embeddable":true,"href":"http:\/\/www.radiocentroweb.it\/index.php\/wp-json\/wp\/v2\/comments?post=2496"}],"version-history":[{"count":0,"href":"http:\/\/www.radiocentroweb.it\/index.php\/wp-json\/wp\/v2\/posts\/2496\/revisions"}],"wp:attachment":[{"href":"http:\/\/www.radiocentroweb.it\/index.php\/wp-json\/wp\/v2\/media?parent=2496"}],"wp:term":[{"taxonomy":"category","embeddable":true,"href":"http:\/\/www.radiocentroweb.it\/index.php\/wp-json\/wp\/v2\/categories?post=2496"},{"taxonomy":"post_tag","embeddable":true,"href":"http:\/\/www.radiocentroweb.it\/index.php\/wp-json\/wp\/v2\/tags?post=2496"}],"curies":[{"name":"wp","href":"https:\/\/api.w.org\/{rel}","templated":true}]}}