{"id":2700,"date":"2025-09-22T12:32:37","date_gmt":"2025-09-22T10:32:37","guid":{"rendered":"https:\/\/www.radiocentroweb.it\/index.php\/2025\/09\/22\/trento-la-citta-piu-sportiva-milano-debutta-sul-podio-ansa\/"},"modified":"2025-09-22T12:32:37","modified_gmt":"2025-09-22T10:32:37","slug":"trento-la-citta-piu-sportiva-milano-debutta-sul-podio-ansa","status":"publish","type":"post","link":"http:\/\/www.radiocentroweb.it\/index.php\/2025\/09\/22\/trento-la-citta-piu-sportiva-milano-debutta-sul-podio-ansa\/","title":{"rendered":"Trento la citt\u00e0 pi\u00f9 sportiva, Milano debutta sul podio Ansa"},"content":{"rendered":"<p>Classifica Sole 24 Ore: migliorano grandi citt\u00e0,male Isole e Sud<br \/>\n\u200b<a href=\"https:\/\/www.ansa.it\/toscana\/notizie\/2025\/09\/22\/trento-la-citta-piu-sportiva-milano-debutta-sul-podio_306e1ebf-8584-4aa5-a9f5-a134346170f5.html\" target=\"_blank\" class=\"feedzy-rss-link-icon\">Read More<\/a><br \/>\nRSS di Regione Toscana  &#8211; ANSA.it<\/p>","protected":false},"excerpt":{"rendered":"<p>Classifica Sole 24 Ore: migliorano grandi citt\u00e0,male Isole e Sud \u200bRead More RSS di Regione Toscana &#8211; ANSA.it<\/p>\n","protected":false},"author":1,"featured_media":0,"comment_status":"open","ping_status":"open","sticky":false,"template":"","format":"standard","meta":{"footnotes":""},"categories":[23],"tags":[],"class_list":["post-2700","post","type-post","status-publish","format-standard","hentry","category-newsansatoscana"],"_links":{"self":[{"href":"http:\/\/www.radiocentroweb.it\/index.php\/wp-json\/wp\/v2\/posts\/2700","targetHints":{"allow":["GET"]}}],"collection":[{"href":"http:\/\/www.radiocentroweb.it\/index.php\/wp-json\/wp\/v2\/posts"}],"about":[{"href":"http:\/\/www.radiocentroweb.it\/index.php\/wp-json\/wp\/v2\/types\/post"}],"author":[{"embeddable":true,"href":"http:\/\/www.radiocentroweb.it\/index.php\/wp-json\/wp\/v2\/users\/1"}],"replies":[{"embeddable":true,"href":"http:\/\/www.radiocentroweb.it\/index.php\/wp-json\/wp\/v2\/comments?post=2700"}],"version-history":[{"count":0,"href":"http:\/\/www.radiocentroweb.it\/index.php\/wp-json\/wp\/v2\/posts\/2700\/revisions"}],"wp:attachment":[{"href":"http:\/\/www.radiocentroweb.it\/index.php\/wp-json\/wp\/v2\/media?parent=2700"}],"wp:term":[{"taxonomy":"category","embeddable":true,"href":"http:\/\/www.radiocentroweb.it\/index.php\/wp-json\/wp\/v2\/categories?post=2700"},{"taxonomy":"post_tag","embeddable":true,"href":"http:\/\/www.radiocentroweb.it\/index.php\/wp-json\/wp\/v2\/tags?post=2700"}],"curies":[{"name":"wp","href":"https:\/\/api.w.org\/{rel}","templated":true}]}}