{"id":2819,"date":"2025-10-02T20:33:16","date_gmt":"2025-10-02T18:33:16","guid":{"rendered":"http:\/\/www.radiocentroweb.it\/index.php\/2025\/10\/02\/condannato-a-24-anni-uomo-che-picchio-e-brucio-il-cognato-ansa\/"},"modified":"2025-10-02T20:33:16","modified_gmt":"2025-10-02T18:33:16","slug":"condannato-a-24-anni-uomo-che-picchio-e-brucio-il-cognato-ansa","status":"publish","type":"post","link":"http:\/\/www.radiocentroweb.it\/index.php\/2025\/10\/02\/condannato-a-24-anni-uomo-che-picchio-e-brucio-il-cognato-ansa\/","title":{"rendered":"Condannato a 24 anni uomo che picchi\u00f2 e bruci\u00f2 il cognato Ansa"},"content":{"rendered":"<p>Pm chiedeva ergastolo. Corte assise esclude aggravante crudelt\u00e0<br \/>\n\u200b<a href=\"https:\/\/www.ansa.it\/toscana\/notizie\/2025\/10\/02\/condannato-a-24-anni-uomo-che-picchio-e-brucio-il-cognato_252a1584-a563-49a3-8a76-162b4b304988.html\" target=\"_blank\" class=\"feedzy-rss-link-icon\">Read More<\/a><br \/>\nRSS di Regione Toscana  &#8211; ANSA.it<\/p>","protected":false},"excerpt":{"rendered":"<p>Pm chiedeva ergastolo. Corte assise esclude aggravante crudelt\u00e0 \u200bRead More RSS di Regione Toscana &#8211; ANSA.it<\/p>\n","protected":false},"author":1,"featured_media":0,"comment_status":"open","ping_status":"open","sticky":false,"template":"","format":"standard","meta":{"footnotes":""},"categories":[23],"tags":[],"class_list":["post-2819","post","type-post","status-publish","format-standard","hentry","category-newsansatoscana"],"_links":{"self":[{"href":"http:\/\/www.radiocentroweb.it\/index.php\/wp-json\/wp\/v2\/posts\/2819","targetHints":{"allow":["GET"]}}],"collection":[{"href":"http:\/\/www.radiocentroweb.it\/index.php\/wp-json\/wp\/v2\/posts"}],"about":[{"href":"http:\/\/www.radiocentroweb.it\/index.php\/wp-json\/wp\/v2\/types\/post"}],"author":[{"embeddable":true,"href":"http:\/\/www.radiocentroweb.it\/index.php\/wp-json\/wp\/v2\/users\/1"}],"replies":[{"embeddable":true,"href":"http:\/\/www.radiocentroweb.it\/index.php\/wp-json\/wp\/v2\/comments?post=2819"}],"version-history":[{"count":0,"href":"http:\/\/www.radiocentroweb.it\/index.php\/wp-json\/wp\/v2\/posts\/2819\/revisions"}],"wp:attachment":[{"href":"http:\/\/www.radiocentroweb.it\/index.php\/wp-json\/wp\/v2\/media?parent=2819"}],"wp:term":[{"taxonomy":"category","embeddable":true,"href":"http:\/\/www.radiocentroweb.it\/index.php\/wp-json\/wp\/v2\/categories?post=2819"},{"taxonomy":"post_tag","embeddable":true,"href":"http:\/\/www.radiocentroweb.it\/index.php\/wp-json\/wp\/v2\/tags?post=2819"}],"curies":[{"name":"wp","href":"https:\/\/api.w.org\/{rel}","templated":true}]}}