{"id":2916,"date":"2025-10-13T16:33:24","date_gmt":"2025-10-13T14:33:24","guid":{"rendered":"http:\/\/www.radiocentroweb.it\/index.php\/2025\/10\/13\/affluenza-in-calo-ovunque-firenze-la-provincia-che-vota-di-piu-ansa\/"},"modified":"2025-10-13T16:33:24","modified_gmt":"2025-10-13T14:33:24","slug":"affluenza-in-calo-ovunque-firenze-la-provincia-che-vota-di-piu-ansa","status":"publish","type":"post","link":"http:\/\/www.radiocentroweb.it\/index.php\/2025\/10\/13\/affluenza-in-calo-ovunque-firenze-la-provincia-che-vota-di-piu-ansa\/","title":{"rendered":"Affluenza in calo ovunque, Firenze la provincia che vota di pi\u00f9 Ansa"},"content":{"rendered":"<p>A Pistoia flessione pi\u00f9 contenuta, a Lucca pi\u00f9 accentuata<br \/>\n\u200b<a href=\"https:\/\/www.ansa.it\/toscana\/notizie\/2025\/10\/13\/affluenza-in-calo-ovunque-firenze-la-provincia-che-vota-di-piu_012fed10-0776-46b3-8fd0-f28c6b609734.html\" target=\"_blank\" class=\"feedzy-rss-link-icon\">Read More<\/a><br \/>\nRSS di Regione Toscana  &#8211; ANSA.it<\/p>","protected":false},"excerpt":{"rendered":"<p>A Pistoia flessione pi\u00f9 contenuta, a Lucca pi\u00f9 accentuata \u200bRead More RSS di Regione Toscana &#8211; ANSA.it<\/p>\n","protected":false},"author":1,"featured_media":0,"comment_status":"open","ping_status":"open","sticky":false,"template":"","format":"standard","meta":{"footnotes":""},"categories":[23],"tags":[],"class_list":["post-2916","post","type-post","status-publish","format-standard","hentry","category-newsansatoscana"],"_links":{"self":[{"href":"http:\/\/www.radiocentroweb.it\/index.php\/wp-json\/wp\/v2\/posts\/2916","targetHints":{"allow":["GET"]}}],"collection":[{"href":"http:\/\/www.radiocentroweb.it\/index.php\/wp-json\/wp\/v2\/posts"}],"about":[{"href":"http:\/\/www.radiocentroweb.it\/index.php\/wp-json\/wp\/v2\/types\/post"}],"author":[{"embeddable":true,"href":"http:\/\/www.radiocentroweb.it\/index.php\/wp-json\/wp\/v2\/users\/1"}],"replies":[{"embeddable":true,"href":"http:\/\/www.radiocentroweb.it\/index.php\/wp-json\/wp\/v2\/comments?post=2916"}],"version-history":[{"count":0,"href":"http:\/\/www.radiocentroweb.it\/index.php\/wp-json\/wp\/v2\/posts\/2916\/revisions"}],"wp:attachment":[{"href":"http:\/\/www.radiocentroweb.it\/index.php\/wp-json\/wp\/v2\/media?parent=2916"}],"wp:term":[{"taxonomy":"category","embeddable":true,"href":"http:\/\/www.radiocentroweb.it\/index.php\/wp-json\/wp\/v2\/categories?post=2916"},{"taxonomy":"post_tag","embeddable":true,"href":"http:\/\/www.radiocentroweb.it\/index.php\/wp-json\/wp\/v2\/tags?post=2916"}],"curies":[{"name":"wp","href":"https:\/\/api.w.org\/{rel}","templated":true}]}}