{"id":2934,"date":"2025-10-14T17:33:12","date_gmt":"2025-10-14T15:33:12","guid":{"rendered":"https:\/\/www.radiocentroweb.it\/index.php\/2025\/10\/14\/nobel-krasznahorkai-abbandona-scrittura-ultimo-libro-2026-2-ansa\/"},"modified":"2025-10-14T17:33:12","modified_gmt":"2025-10-14T15:33:12","slug":"nobel-krasznahorkai-abbandona-scrittura-ultimo-libro-2026-2-ansa","status":"publish","type":"post","link":"http:\/\/www.radiocentroweb.it\/index.php\/2025\/10\/14\/nobel-krasznahorkai-abbandona-scrittura-ultimo-libro-2026-2-ansa\/","title":{"rendered":"Nobel Krasznahorkai abbandona scrittura, ultimo libro 2026 (2) Ansa"},"content":{"rendered":"<p>Uscir\u00e0 da Bompiani dopo Panino non c&#8217;\u00e8 pi\u00f9, ma tutto in ristampa<br \/>\n\u200b<a href=\"https:\/\/www.ansa.it\/toscana\/notizie\/2025\/10\/14\/nobel-krasznahorkai-abbandona-scrittura-ultimo-libro-2026-2_069815be-7f55-445f-b53d-c55f57ef2e8b.html\" target=\"_blank\" class=\"feedzy-rss-link-icon\">Read More<\/a><br \/>\nRSS di Regione Toscana  &#8211; ANSA.it<\/p>","protected":false},"excerpt":{"rendered":"<p>Uscir\u00e0 da Bompiani dopo Panino non c&#8217;\u00e8 pi\u00f9, ma tutto in ristampa \u200bRead More RSS di Regione Toscana &#8211; ANSA.it<\/p>\n","protected":false},"author":1,"featured_media":0,"comment_status":"open","ping_status":"open","sticky":false,"template":"","format":"standard","meta":{"footnotes":""},"categories":[23],"tags":[],"class_list":["post-2934","post","type-post","status-publish","format-standard","hentry","category-newsansatoscana"],"_links":{"self":[{"href":"http:\/\/www.radiocentroweb.it\/index.php\/wp-json\/wp\/v2\/posts\/2934","targetHints":{"allow":["GET"]}}],"collection":[{"href":"http:\/\/www.radiocentroweb.it\/index.php\/wp-json\/wp\/v2\/posts"}],"about":[{"href":"http:\/\/www.radiocentroweb.it\/index.php\/wp-json\/wp\/v2\/types\/post"}],"author":[{"embeddable":true,"href":"http:\/\/www.radiocentroweb.it\/index.php\/wp-json\/wp\/v2\/users\/1"}],"replies":[{"embeddable":true,"href":"http:\/\/www.radiocentroweb.it\/index.php\/wp-json\/wp\/v2\/comments?post=2934"}],"version-history":[{"count":0,"href":"http:\/\/www.radiocentroweb.it\/index.php\/wp-json\/wp\/v2\/posts\/2934\/revisions"}],"wp:attachment":[{"href":"http:\/\/www.radiocentroweb.it\/index.php\/wp-json\/wp\/v2\/media?parent=2934"}],"wp:term":[{"taxonomy":"category","embeddable":true,"href":"http:\/\/www.radiocentroweb.it\/index.php\/wp-json\/wp\/v2\/categories?post=2934"},{"taxonomy":"post_tag","embeddable":true,"href":"http:\/\/www.radiocentroweb.it\/index.php\/wp-json\/wp\/v2\/tags?post=2934"}],"curies":[{"name":"wp","href":"https:\/\/api.w.org\/{rel}","templated":true}]}}