{"id":3961,"date":"2026-01-22T14:32:51","date_gmt":"2026-01-22T13:32:51","guid":{"rendered":"http:\/\/www.radiocentroweb.it\/index.php\/2026\/01\/22\/la-percezione-del-rischio-alluvionale-e-molto-bassa-in-e-r-e-toscana-ansa\/"},"modified":"2026-01-22T14:32:51","modified_gmt":"2026-01-22T13:32:51","slug":"la-percezione-del-rischio-alluvionale-e-molto-bassa-in-e-r-e-toscana-ansa","status":"publish","type":"post","link":"http:\/\/www.radiocentroweb.it\/index.php\/2026\/01\/22\/la-percezione-del-rischio-alluvionale-e-molto-bassa-in-e-r-e-toscana-ansa\/","title":{"rendered":"La percezione del rischio alluvionale \u00e8 &#8216;molto bassa&#8217; in E-R e Toscana Ansa"},"content":{"rendered":"<p>\u00c8 l&#8217;esito di un&#8217;indagine condotta dall&#8217;Universit\u00e0 di Bologna<br \/>\n\u200b<a href=\"https:\/\/www.ansa.it\/toscana\/notizie\/2026\/01\/22\/la-percezione-del-rischio-alluvionale-e-molto-bassa-in-e-r-e-toscana_6baae3c4-0351-4a8c-b42b-bc48ef38ef5c.html\" target=\"_blank\" class=\"feedzy-rss-link-icon\">Read More<\/a><br \/>\nRSS di Regione Toscana  &#8211; ANSA.it<\/p>","protected":false},"excerpt":{"rendered":"<p>\u00c8 l&#8217;esito di un&#8217;indagine condotta dall&#8217;Universit\u00e0 di Bologna \u200bRead More RSS di Regione Toscana &#8211; ANSA.it<\/p>\n","protected":false},"author":1,"featured_media":0,"comment_status":"open","ping_status":"open","sticky":false,"template":"","format":"standard","meta":{"footnotes":""},"categories":[23],"tags":[],"class_list":["post-3961","post","type-post","status-publish","format-standard","hentry","category-newsansatoscana"],"_links":{"self":[{"href":"http:\/\/www.radiocentroweb.it\/index.php\/wp-json\/wp\/v2\/posts\/3961","targetHints":{"allow":["GET"]}}],"collection":[{"href":"http:\/\/www.radiocentroweb.it\/index.php\/wp-json\/wp\/v2\/posts"}],"about":[{"href":"http:\/\/www.radiocentroweb.it\/index.php\/wp-json\/wp\/v2\/types\/post"}],"author":[{"embeddable":true,"href":"http:\/\/www.radiocentroweb.it\/index.php\/wp-json\/wp\/v2\/users\/1"}],"replies":[{"embeddable":true,"href":"http:\/\/www.radiocentroweb.it\/index.php\/wp-json\/wp\/v2\/comments?post=3961"}],"version-history":[{"count":0,"href":"http:\/\/www.radiocentroweb.it\/index.php\/wp-json\/wp\/v2\/posts\/3961\/revisions"}],"wp:attachment":[{"href":"http:\/\/www.radiocentroweb.it\/index.php\/wp-json\/wp\/v2\/media?parent=3961"}],"wp:term":[{"taxonomy":"category","embeddable":true,"href":"http:\/\/www.radiocentroweb.it\/index.php\/wp-json\/wp\/v2\/categories?post=3961"},{"taxonomy":"post_tag","embeddable":true,"href":"http:\/\/www.radiocentroweb.it\/index.php\/wp-json\/wp\/v2\/tags?post=3961"}],"curies":[{"name":"wp","href":"https:\/\/api.w.org\/{rel}","templated":true}]}}