{"id":364,"date":"2025-03-06T15:20:36","date_gmt":"2025-03-06T14:20:36","guid":{"rendered":"https:\/\/www.radiocentroweb.it\/?p=364"},"modified":"2025-03-06T15:22:01","modified_gmt":"2025-03-06T14:22:01","slug":"la-nuova-postazione-sta-prendendo-forma","status":"publish","type":"post","link":"https:\/\/www.radiocentroweb.it\/index.php\/2025\/03\/06\/la-nuova-postazione-sta-prendendo-forma\/","title":{"rendered":"La nuova postazione sta prendendo forma"},"content":{"rendered":"\n<p>Piano piano la nostra nuova postazione per la registrazione dei podcast sta prendendo forma, anche se onestamente siamo tranquilli nel dire che avr\u00e0 ulteriori ritocchi nel tempo, un work-in-progress.<\/p>\n\n\n<div class=\"wp-block-image\">\n<figure class=\"aligncenter size-large is-resized\"><img loading=\"lazy\" decoding=\"async\" width=\"768\" height=\"1024\" src=\"http:\/\/www.radiocentroweb.it\/wp-content\/uploads\/2025\/03\/photo_2025-02-27_09-27-12-2-768x1024.jpg\" alt=\"\" class=\"wp-image-384\" style=\"width:425px;height:auto\" srcset=\"https:\/\/www.radiocentroweb.it\/wp-content\/uploads\/2025\/03\/photo_2025-02-27_09-27-12-2-768x1024.jpg 768w, https:\/\/www.radiocentroweb.it\/wp-content\/uploads\/2025\/03\/photo_2025-02-27_09-27-12-2-225x300.jpg 225w, https:\/\/www.radiocentroweb.it\/wp-content\/uploads\/2025\/03\/photo_2025-02-27_09-27-12-2.jpg 960w\" sizes=\"auto, (max-width: 768px) 100vw, 768px\" \/><\/figure><\/div>\n\n\n<p><br>La nostra idea \u00e8 quella di condividere questo spazio e dare la possibilit\u00e0 a chi volesse di poter registrare nel nostro spazio, curando dalla produzione alla distribuzione.<\/p>\n\n\n\n<p> Se volete e avete idea di voler registrare e fare del nostro studio la base per le vostre produzioni non esitate a contattarci.<\/p>\n","protected":false},"excerpt":{"rendered":"<p>Piano piano la nostra nuova postazione per la registrazione dei podcast sta prendendo forma, anche se onestamente siamo tranquilli nel dire che avr\u00e0 ulteriori ritocchi nel tempo, un work-in-progress. La nostra idea \u00e8 quella di condividere questo spazio e dare la possibilit\u00e0 a chi volesse di poter registrare nel nostro spazio, curando dalla produzione alla [&hellip;]<\/p>\n","protected":false},"author":1,"featured_media":382,"comment_status":"open","ping_status":"open","sticky":false,"template":"","format":"standard","meta":{"footnotes":""},"categories":[15],"tags":[],"class_list":["post-364","post","type-post","status-publish","format-standard","has-post-thumbnail","hentry","category-radiocentroweb"],"_links":{"self":[{"href":"https:\/\/www.radiocentroweb.it\/index.php\/wp-json\/wp\/v2\/posts\/364","targetHints":{"allow":["GET"]}}],"collection":[{"href":"https:\/\/www.radiocentroweb.it\/index.php\/wp-json\/wp\/v2\/posts"}],"about":[{"href":"https:\/\/www.radiocentroweb.it\/index.php\/wp-json\/wp\/v2\/types\/post"}],"author":[{"embeddable":true,"href":"https:\/\/www.radiocentroweb.it\/index.php\/wp-json\/wp\/v2\/users\/1"}],"replies":[{"embeddable":true,"href":"https:\/\/www.radiocentroweb.it\/index.php\/wp-json\/wp\/v2\/comments?post=364"}],"version-history":[{"count":3,"href":"https:\/\/www.radiocentroweb.it\/index.php\/wp-json\/wp\/v2\/posts\/364\/revisions"}],"predecessor-version":[{"id":385,"href":"https:\/\/www.radiocentroweb.it\/index.php\/wp-json\/wp\/v2\/posts\/364\/revisions\/385"}],"wp:featuredmedia":[{"embeddable":true,"href":"https:\/\/www.radiocentroweb.it\/index.php\/wp-json\/wp\/v2\/media\/382"}],"wp:attachment":[{"href":"https:\/\/www.radiocentroweb.it\/index.php\/wp-json\/wp\/v2\/media?parent=364"}],"wp:term":[{"taxonomy":"category","embeddable":true,"href":"https:\/\/www.radiocentroweb.it\/index.php\/wp-json\/wp\/v2\/categories?post=364"},{"taxonomy":"post_tag","embeddable":true,"href":"https:\/\/www.radiocentroweb.it\/index.php\/wp-json\/wp\/v2\/tags?post=364"}],"curies":[{"name":"wp","href":"https:\/\/api.w.org\/{rel}","templated":true}]}}