{"id":422,"date":"2025-03-10T13:19:10","date_gmt":"2025-03-10T12:19:10","guid":{"rendered":"https:\/\/www.radiocentroweb.it\/?p=422"},"modified":"2025-03-10T13:21:58","modified_gmt":"2025-03-10T12:21:58","slug":"il-martedi-mattina-con-cortocircuito","status":"publish","type":"post","link":"https:\/\/www.radiocentroweb.it\/index.php\/2025\/03\/10\/il-martedi-mattina-con-cortocircuito\/","title":{"rendered":"Il marted\u00ec mattina con CortoCircuito"},"content":{"rendered":"\n<p>In attesa della diretta di domani mattina, potete riascoltare la puntata di marted\u00ec 7 marzo scorso. Un&#8217;ora di leggerezza insieme a Fulvio e Andrea con attualit\u00e0 e racconti con ilarit\u00e0 e ironia.<\/p>\n\n\n\n<iframe style=\"border-radius:12px\" src=\"https:\/\/open.spotify.com\/embed\/episode\/5gz7f1h6OxYVrWAXE5p10Z?utm_source=generator\" width=\"100%\" height=\"252\" frameBorder=\"0\" allowfullscreen=\"\" allow=\"autoplay; clipboard-write; encrypted-media; fullscreen; picture-in-picture\" loading=\"lazy\"><\/iframe>\n\n\n\n<p><\/p>\n","protected":false},"excerpt":{"rendered":"<p>In attesa della diretta di domani mattina, potete riascoltare la puntata di marted\u00ec 7 marzo scorso. Un&#8217;ora di leggerezza insieme a Fulvio e Andrea con attualit\u00e0 e racconti con ilarit\u00e0 e ironia.<\/p>\n","protected":false},"author":1,"featured_media":424,"comment_status":"open","ping_status":"open","sticky":false,"template":"","format":"standard","meta":{"footnotes":""},"categories":[15],"tags":[16,17],"class_list":["post-422","post","type-post","status-publish","format-standard","has-post-thumbnail","hentry","category-radiocentroweb","tag-cortocircuito","tag-martedimattina"],"_links":{"self":[{"href":"https:\/\/www.radiocentroweb.it\/index.php\/wp-json\/wp\/v2\/posts\/422","targetHints":{"allow":["GET"]}}],"collection":[{"href":"https:\/\/www.radiocentroweb.it\/index.php\/wp-json\/wp\/v2\/posts"}],"about":[{"href":"https:\/\/www.radiocentroweb.it\/index.php\/wp-json\/wp\/v2\/types\/post"}],"author":[{"embeddable":true,"href":"https:\/\/www.radiocentroweb.it\/index.php\/wp-json\/wp\/v2\/users\/1"}],"replies":[{"embeddable":true,"href":"https:\/\/www.radiocentroweb.it\/index.php\/wp-json\/wp\/v2\/comments?post=422"}],"version-history":[{"count":2,"href":"https:\/\/www.radiocentroweb.it\/index.php\/wp-json\/wp\/v2\/posts\/422\/revisions"}],"predecessor-version":[{"id":426,"href":"https:\/\/www.radiocentroweb.it\/index.php\/wp-json\/wp\/v2\/posts\/422\/revisions\/426"}],"wp:featuredmedia":[{"embeddable":true,"href":"https:\/\/www.radiocentroweb.it\/index.php\/wp-json\/wp\/v2\/media\/424"}],"wp:attachment":[{"href":"https:\/\/www.radiocentroweb.it\/index.php\/wp-json\/wp\/v2\/media?parent=422"}],"wp:term":[{"taxonomy":"category","embeddable":true,"href":"https:\/\/www.radiocentroweb.it\/index.php\/wp-json\/wp\/v2\/categories?post=422"},{"taxonomy":"post_tag","embeddable":true,"href":"https:\/\/www.radiocentroweb.it\/index.php\/wp-json\/wp\/v2\/tags?post=422"}],"curies":[{"name":"wp","href":"https:\/\/api.w.org\/{rel}","templated":true}]}}