{"id":4423,"date":"2026-03-08T20:32:32","date_gmt":"2026-03-08T19:32:32","guid":{"rendered":"http:\/\/www.radiocentroweb.it\/index.php\/2026\/03\/08\/ponte-mobile-livorno-potra-riaprire-al-traffico-mercoledi-ansa\/"},"modified":"2026-03-08T20:32:32","modified_gmt":"2026-03-08T19:32:32","slug":"ponte-mobile-livorno-potra-riaprire-al-traffico-mercoledi-ansa","status":"publish","type":"post","link":"https:\/\/www.radiocentroweb.it\/index.php\/2026\/03\/08\/ponte-mobile-livorno-potra-riaprire-al-traffico-mercoledi-ansa\/","title":{"rendered":"Ponte mobile Livorno, &#8216;potr\u00e0 riaprire al traffico mercoled\u00ec&#8217; Ansa"},"content":{"rendered":"<p>Metrocitt\u00e0 Firenze: &#8216;Ma mezzi pesanti saranno deviati su ponte viale Mogadiscio&#8217;<br \/>\n\u200b<a href=\"https:\/\/www.ansa.it\/toscana\/notizie\/2026\/03\/08\/ponte-mobile-livorno-potra-riaprire-al-traffico-mercoledi_33555ab9-7c76-444b-a2dc-de221253fc0a.html\" target=\"_blank\" class=\"feedzy-rss-link-icon\">Read More<\/a><br \/>\nRSS di Regione Toscana  &#8211; ANSA.it<\/p>","protected":false},"excerpt":{"rendered":"<p>Metrocitt\u00e0 Firenze: &#8216;Ma mezzi pesanti saranno deviati su ponte viale Mogadiscio&#8217; \u200bRead More RSS di Regione Toscana &#8211; ANSA.it<\/p>\n","protected":false},"author":1,"featured_media":0,"comment_status":"open","ping_status":"open","sticky":false,"template":"","format":"standard","meta":{"footnotes":""},"categories":[23],"tags":[],"class_list":["post-4423","post","type-post","status-publish","format-standard","hentry","category-newsansatoscana"],"_links":{"self":[{"href":"https:\/\/www.radiocentroweb.it\/index.php\/wp-json\/wp\/v2\/posts\/4423","targetHints":{"allow":["GET"]}}],"collection":[{"href":"https:\/\/www.radiocentroweb.it\/index.php\/wp-json\/wp\/v2\/posts"}],"about":[{"href":"https:\/\/www.radiocentroweb.it\/index.php\/wp-json\/wp\/v2\/types\/post"}],"author":[{"embeddable":true,"href":"https:\/\/www.radiocentroweb.it\/index.php\/wp-json\/wp\/v2\/users\/1"}],"replies":[{"embeddable":true,"href":"https:\/\/www.radiocentroweb.it\/index.php\/wp-json\/wp\/v2\/comments?post=4423"}],"version-history":[{"count":0,"href":"https:\/\/www.radiocentroweb.it\/index.php\/wp-json\/wp\/v2\/posts\/4423\/revisions"}],"wp:attachment":[{"href":"https:\/\/www.radiocentroweb.it\/index.php\/wp-json\/wp\/v2\/media?parent=4423"}],"wp:term":[{"taxonomy":"category","embeddable":true,"href":"https:\/\/www.radiocentroweb.it\/index.php\/wp-json\/wp\/v2\/categories?post=4423"},{"taxonomy":"post_tag","embeddable":true,"href":"https:\/\/www.radiocentroweb.it\/index.php\/wp-json\/wp\/v2\/tags?post=4423"}],"curies":[{"name":"wp","href":"https:\/\/api.w.org\/{rel}","templated":true}]}}