{"id":4444,"date":"2026-03-10T20:33:17","date_gmt":"2026-03-10T19:33:17","guid":{"rendered":"http:\/\/www.radiocentroweb.it\/index.php\/2026\/03\/10\/maturita-migliaia-di-studenti-in-spiaggia-a-viareggio-a-100-giorni-dallesame-ansa\/"},"modified":"2026-03-10T20:33:17","modified_gmt":"2026-03-10T19:33:17","slug":"maturita-migliaia-di-studenti-in-spiaggia-a-viareggio-a-100-giorni-dallesame-ansa","status":"publish","type":"post","link":"https:\/\/www.radiocentroweb.it\/index.php\/2026\/03\/10\/maturita-migliaia-di-studenti-in-spiaggia-a-viareggio-a-100-giorni-dallesame-ansa\/","title":{"rendered":"Maturit\u00e0, migliaia di studenti in spiaggia a Viareggio a 100 giorni dall&#8217;esame Ansa"},"content":{"rendered":"<p>C&#8217;\u00e8 chi si \u00e8 tuffato in mare per sperare in un bel voto<br \/>\n\u200b<a href=\"https:\/\/www.ansa.it\/toscana\/notizie\/2026\/03\/10\/maturita-migliaia-di-studenti-in-spiaggia-a-viareggio-a-100-giorni-dallesame_7c7c343f-f95f-4ae4-ae76-ac00de6e0b9c.html\" target=\"_blank\" class=\"feedzy-rss-link-icon\">Read More<\/a><br \/>\nRSS di Regione Toscana  &#8211; ANSA.it<\/p>","protected":false},"excerpt":{"rendered":"<p>C&#8217;\u00e8 chi si \u00e8 tuffato in mare per sperare in un bel voto \u200bRead More RSS di Regione Toscana &#8211; ANSA.it<\/p>\n","protected":false},"author":1,"featured_media":0,"comment_status":"open","ping_status":"open","sticky":false,"template":"","format":"standard","meta":{"footnotes":""},"categories":[23],"tags":[],"class_list":["post-4444","post","type-post","status-publish","format-standard","hentry","category-newsansatoscana"],"_links":{"self":[{"href":"https:\/\/www.radiocentroweb.it\/index.php\/wp-json\/wp\/v2\/posts\/4444","targetHints":{"allow":["GET"]}}],"collection":[{"href":"https:\/\/www.radiocentroweb.it\/index.php\/wp-json\/wp\/v2\/posts"}],"about":[{"href":"https:\/\/www.radiocentroweb.it\/index.php\/wp-json\/wp\/v2\/types\/post"}],"author":[{"embeddable":true,"href":"https:\/\/www.radiocentroweb.it\/index.php\/wp-json\/wp\/v2\/users\/1"}],"replies":[{"embeddable":true,"href":"https:\/\/www.radiocentroweb.it\/index.php\/wp-json\/wp\/v2\/comments?post=4444"}],"version-history":[{"count":0,"href":"https:\/\/www.radiocentroweb.it\/index.php\/wp-json\/wp\/v2\/posts\/4444\/revisions"}],"wp:attachment":[{"href":"https:\/\/www.radiocentroweb.it\/index.php\/wp-json\/wp\/v2\/media?parent=4444"}],"wp:term":[{"taxonomy":"category","embeddable":true,"href":"https:\/\/www.radiocentroweb.it\/index.php\/wp-json\/wp\/v2\/categories?post=4444"},{"taxonomy":"post_tag","embeddable":true,"href":"https:\/\/www.radiocentroweb.it\/index.php\/wp-json\/wp\/v2\/tags?post=4444"}],"curies":[{"name":"wp","href":"https:\/\/api.w.org\/{rel}","templated":true}]}}