{"id":6131,"date":"2026-08-30T02:34:31","date_gmt":"2026-08-30T00:34:31","guid":{"rendered":"https:\/\/www.radiocentroweb.it\/index.php\/2026\/08\/30\/cento-anni-fiorentina-abodi-il-club-viola-e-identita-e-memoria-della-citta-ansa\/"},"modified":"2026-08-30T02:34:31","modified_gmt":"2026-08-30T00:34:31","slug":"cento-anni-fiorentina-abodi-il-club-viola-e-identita-e-memoria-della-citta-ansa","status":"publish","type":"post","link":"https:\/\/www.radiocentroweb.it\/index.php\/2026\/08\/30\/cento-anni-fiorentina-abodi-il-club-viola-e-identita-e-memoria-della-citta-ansa\/","title":{"rendered":"Cento anni Fiorentina, Abodi &#8216;il club viola \u00e8 identit\u00e0 e memoria della citt\u00e0&#8217; Ansa"},"content":{"rendered":"<p>Ministro &#8216;una squadra che continua a unire le generazioni&#8217;<br \/>\n\u200b<a href=\"https:\/\/www.ansa.it\/toscana\/notizie\/2026\/08\/29\/cento-anni-fiorentina-abodi-il-club-viola-e-identita-e-memoria-della-citta_3ae821bb-c377-45aa-b3ae-05b6fef707d7.html\" target=\"_blank\" class=\"feedzy-rss-link-icon\">Read More<\/a><br \/>\nRSS di Regione Toscana  &#8211; ANSA.it<\/p>","protected":false},"excerpt":{"rendered":"<p>Ministro &#8216;una squadra che continua a unire le generazioni&#8217; \u200bRead More RSS di Regione Toscana &#8211; ANSA.it<\/p>\n","protected":false},"author":1,"featured_media":0,"comment_status":"open","ping_status":"open","sticky":false,"template":"","format":"standard","meta":{"_kad_post_transparent":"","_kad_post_title":"","_kad_post_layout":"","_kad_post_sidebar_id":"","_kad_post_content_style":"","_kad_post_vertical_padding":"","_kad_post_feature":"","_kad_post_feature_position":"","_kad_post_header":false,"_kad_post_footer":false,"_kad_post_classname":"","footnotes":""},"categories":[23],"tags":[],"class_list":["post-6131","post","type-post","status-publish","format-standard","hentry","category-newsansatoscana"],"_links":{"self":[{"href":"https:\/\/www.radiocentroweb.it\/index.php\/wp-json\/wp\/v2\/posts\/6131","targetHints":{"allow":["GET"]}}],"collection":[{"href":"https:\/\/www.radiocentroweb.it\/index.php\/wp-json\/wp\/v2\/posts"}],"about":[{"href":"https:\/\/www.radiocentroweb.it\/index.php\/wp-json\/wp\/v2\/types\/post"}],"author":[{"embeddable":true,"href":"https:\/\/www.radiocentroweb.it\/index.php\/wp-json\/wp\/v2\/users\/1"}],"replies":[{"embeddable":true,"href":"https:\/\/www.radiocentroweb.it\/index.php\/wp-json\/wp\/v2\/comments?post=6131"}],"version-history":[{"count":0,"href":"https:\/\/www.radiocentroweb.it\/index.php\/wp-json\/wp\/v2\/posts\/6131\/revisions"}],"wp:attachment":[{"href":"https:\/\/www.radiocentroweb.it\/index.php\/wp-json\/wp\/v2\/media?parent=6131"}],"wp:term":[{"taxonomy":"category","embeddable":true,"href":"https:\/\/www.radiocentroweb.it\/index.php\/wp-json\/wp\/v2\/categories?post=6131"},{"taxonomy":"post_tag","embeddable":true,"href":"https:\/\/www.radiocentroweb.it\/index.php\/wp-json\/wp\/v2\/tags?post=6131"}],"curies":[{"name":"wp","href":"https:\/\/api.w.org\/{rel}","templated":true}]}}